{"id":480,"date":"2020-06-27T15:02:37","date_gmt":"2020-06-27T12:02:37","guid":{"rendered":"https:\/\/uzmanposta.com\/blog\/?p=480"},"modified":"2021-04-11T17:55:41","modified_gmt":"2021-04-11T14:55:41","slug":"covid-surecinde-isletmelerin-e-posta-trafigi-buyuyor","status":"publish","type":"post","link":"https:\/\/uzmanposta.com\/blog\/covid-surecinde-isletmelerin-e-posta-trafigi-buyuyor\/","title":{"rendered":"Covid S\u00fcrecinde \u0130\u015fletmelerin E-Posta Trafi\u011fi B\u00fcy\u00fcyor"},"content":{"rendered":"\n<p>Mart ay\u0131ndan beri <strong>#EvdeKal<\/strong> \u00e7a\u011fr\u0131s\u0131yla uzaktan \u00e7al\u0131\u015fma d\u00fczenine ge\u00e7en \u015firketlerin ve t\u00fcketicilere ula\u015fmak i\u00e7in dijital kanal kullan\u0131mlar\u0131na h\u0131z veren yeni \u015firketlerin de katk\u0131s\u0131yla, <strong>elektronik veri ileti\u015fiminden kaynakl\u0131 trafik %30 artt\u0131.<\/strong>&nbsp;Covid s\u00fcresince g\u00f6nderilen elektronik postalar\u0131n s\u0131kl\u0131\u011f\u0131ndaki y\u00fckseli\u015fe paralel olarak, e-posta i\u00e7erik ve boyutlar\u0131 da b\u00fcy\u00fcd\u00fc. Bununla birlikte yo\u011funla\u015fan yaz\u0131\u015fma trafi\u011fine ek, payla\u015f\u0131lan dosya boyutlar\u0131n\u0131n da b\u00fcy\u00fcmesi ile <strong>\u015firketlerin e-posta hesaplar\u0131 \u00fczerinde veri saklama ihtiyac\u0131 4 kat daha artt\u0131.<\/strong><\/p>\n\n\n\n<p>\u00d6zetle, covid d\u00f6neminde sadece e-posta trafi\u011fi de\u011fil,  e-posta ihtiya\u00e7lar\u0131 da artt\u0131.  <\/p>\n\n\n\n<p>Siz de artan bu ihtiya\u00e7lar\u0131n\u0131za kar\u015f\u0131, kulland\u0131\u011f\u0131n\u0131z e-posta hizmetini yetersiz buluyorsan\u0131z ya da e-posta ihtiya\u00e7lar\u0131n\u0131z i\u00e7in <strong>profesyonel bir e-posta servis sa\u011flay\u0131c\u0131s\u0131<\/strong> ar\u0131yorsan\u0131z, 2009 y\u0131l\u0131ndan beri 300 binden fazla e-posta hesab\u0131na hizmet veren ve Covid d\u00f6neminde, k\u00fc\u00e7\u00fck ve orta \u00f6l\u00e7ekli i\u015fletmelerden gelen yeni e-posta hesab\u0131 talebindeki art\u0131\u015f\u0131n %50 civar\u0131nda oldu\u011fu <strong>Uzman Posta<\/strong> gibi profesyonel bir servis sa\u011flay\u0131c\u0131s\u0131ndan hizmet alabilirsiniz.<\/p>\n\n\n\n<h3 class=\"wp-block-heading\">Covid S\u00fcrecinde Spam E-posta&#8217;lara Dikkat<\/h3>\n\n\n\n<p>T\u00fcrkiye\u2019de yakla\u015f\u0131k <strong>80 milyon e-posta hesab\u0131ndan<\/strong> ayl\u0131k ortalama <strong>700 milyon pazarlama i\u00e7erikli e-posta <\/strong>g\u00f6nderiliyor. Bu rakam size \u00e7ok fazla geldiyse, \u015fimdi verece\u011fimiz istatistik sizi daha da \u015fa\u015f\u0131rtacak. \u00c7\u00fcnk\u00fc e\u011fer KVKK d\u00fczenlemeleri yap\u0131lmam\u0131\u015f olsayd\u0131, bu rakam\u0131n 1.5 milyar\u0131 bulabilece\u011fi tahmin ediliyor.<\/p>\n\n\n\n<p>G\u00f6rd\u00fc\u011f\u00fcn\u00fcz gibi rakamlar devasa b\u00fcy\u00fckl\u00fckte&#8230; Buna bir de Covid sebebiyle t\u00fcketicilere yan\u0131lt\u0131c\u0131 ve kar\u015f\u0131l\u0131\u011f\u0131 olmayan teklifler sunan e-posta&#8217;lar eklenince,  bir\u00e7ok <strong>istenmeyen yani Spam e-posta<\/strong> ortaya \u00e7\u0131kt\u0131. Fakat <strong>spam&#8217;e hay\u0131r<\/strong> demek sizin elinizde&#8230;<\/p>\n\n\n\n<p>Nas\u0131l m\u0131?<\/p>\n\n\n\n<p>Bu s\u00fcre\u00e7te <strong>Uzman Posta<\/strong> gibi <strong>profesyonel bir e-posta servis \u00e7\u00f6z\u00fcm\u00fc<\/strong> kullan\u0131yorsan\u0131z, spam&#8217;a kolayl\u0131kla hay\u0131r diyebilirsiniz. <\/p>\n\n\n\n<p>Neden mi?<\/p>\n\n\n\n<p>\u00c7\u00fcnk\u00fc <strong>Uzman Posta <\/strong>spam g\u00f6nderiyi engelleyerek, m\u00fc\u015fterilerinin e-posta hesaplar\u0131n\u0131 art niyetli sald\u0131r\u0131lara kar\u015f\u0131 d\u00fczenli olarak korur.<\/p>\n\n\n\n<h3 class=\"wp-block-heading\">Covid S\u00fcrecinde de Kobileri Destekleyen \u00dccretsiz E-posta Servisi&nbsp;<\/h3>\n\n\n\n<p>Covid s\u00fcrecinde kobilerin dijitalle\u015fmesini h\u0131zland\u0131rmay\u0131 ve yeni normale adaptasyonu kolayla\u015ft\u0131rmay\u0131 ama\u00e7layan Uzman Posta,  i\u015fletmelerin ihtiya\u00e7lar\u0131n\u0131 kar\u015f\u0131lamak i\u00e7in<strong> kesintisiz e-posta ileti\u015fimi<\/strong> sunar. &#8221;<strong>Kotas\u0131 dolsa bile kapanmayan<\/strong>&#8221; e-posta \u00f6zelli\u011fiyle, Uzman Posta hizmet ve \u00e7\u00f6z\u00fcmlerinden yararlanan hi\u00e7bir i\u015fletmenin e-posta trafi\u011fi durmaz. <strong>\u201cEsnek Kota\u201d<\/strong> \u00f6zelli\u011fi sayesinde hi\u00e7bir i\u015fletme e-posta hesaplar\u0131n\u0131 s\u00fcrekli kontrol alt\u0131nda tutmak zorunda kalmaz ve Uzman Posta ile i\u015fletmeler ger\u00e7ekten ihtiya\u00e7lar\u0131 olmayan hi\u00e7bir servis i\u00e7in \u00f6deme yapmazlar.<\/p>\n\n\n\n<p>Halihaz\u0131rda 1.200\u2019den fazla marka ve i\u015fletme i\u00e7in e-posta \u00e7\u00f6z\u00fcmleri sunan, <strong>y\u00fczde y\u00fcz yerli m\u00fchendislik ve altyap\u0131<\/strong> ile T\u00fcrkiye\u2019de hizmet \u00fcreten <strong>Uzman Posta<\/strong>, Covid d\u00f6neminde de<strong> e-posta servislerini 30 g\u00fcn \u00fccretsiz <\/strong>sunarak T\u00fcrk kobilerini desteklemeyi ama\u00e7l\u0131yor. <\/p>\n\n\n\n<p>Siz de i\u015fletmeniz i\u00e7in <strong>profesyonel bir e-posta \u00e7\u00f6z\u00fcm\u00fcne <\/strong>ihtiya\u00e7 duyuyorsan\u0131z, yenilenen uzmanposta.com web sitesini ziyaret edebilir, <strong><a href=\"https:\/\/uzmanposta.com\/\" target=\"_blank\" rel=\"noopener noreferrer\">30 g\u00fcnl\u00fck \u00fccretsiz deneme s\u00fcr\u00fcm\u00fcnden<\/a><\/strong> yararlanabilirsiniz.<\/p>\n","protected":false},"excerpt":{"rendered":"<p>Mart ay\u0131ndan beri #EvdeKal \u00e7a\u011fr\u0131s\u0131yla uzaktan \u00e7al\u0131\u015fma d\u00fczenine ge\u00e7en \u015firketlerin ve t\u00fcketicilere ula\u015fmak i\u00e7in dijital kanal kullan\u0131mlar\u0131na h\u0131z veren yeni \u015firketlerin de katk\u0131s\u0131yla, elektronik veri ileti\u015fiminden kaynakl\u0131 trafik %30 artt\u0131.&nbsp;Covid s\u00fcresince g\u00f6nderilen elektronik postalar\u0131n s\u0131kl\u0131\u011f\u0131ndaki y\u00fckseli\u015fe paralel olarak, e-posta i\u00e7erik ve boyutlar\u0131 da b\u00fcy\u00fcd\u00fc. Bununla birlikte yo\u011funla\u015fan yaz\u0131\u015fma trafi\u011fine ek, payla\u015f\u0131lan dosya boyutlar\u0131n\u0131n da b\u00fcy\u00fcmesi [&hellip;]<\/p>\n","protected":false},"author":2,"featured_media":490,"comment_status":"open","ping_status":"open","sticky":false,"template":"","format":"standard","meta":{"footnotes":""},"categories":[69,1],"tags":[],"class_list":["post-480","post","type-post","status-publish","format-standard","has-post-thumbnail","hentry","category-kobilere-ozel","category-nedir-nasil-yapilir"],"yoast_head":"<!-- This site is optimized with the Yoast SEO plugin v27.4 - https:\/\/yoast.com\/product\/yoast-seo-wordpress\/ -->\n<title>Covid S\u00fcrecinde \u0130\u015fletmelerin E-Posta Trafi\u011fi B\u00fcy\u00fcyor - Uzman Posta<\/title>\n<meta name=\"robots\" content=\"index, follow, max-snippet:-1, max-image-preview:large, max-video-preview:-1\" \/>\n<link rel=\"canonical\" href=\"https:\/\/uzmanposta.com\/blog\/covid-surecinde-isletmelerin-e-posta-trafigi-buyuyor\/\" \/>\n<meta property=\"og:locale\" content=\"tr_TR\" \/>\n<meta property=\"og:type\" content=\"article\" \/>\n<meta property=\"og:title\" content=\"Covid S\u00fcrecinde \u0130\u015fletmelerin E-Posta Trafi\u011fi B\u00fcy\u00fcyor - Uzman Posta\" \/>\n<meta property=\"og:description\" content=\"Mart ay\u0131ndan beri #EvdeKal \u00e7a\u011fr\u0131s\u0131yla uzaktan \u00e7al\u0131\u015fma d\u00fczenine ge\u00e7en \u015firketlerin ve t\u00fcketicilere ula\u015fmak i\u00e7in dijital kanal kullan\u0131mlar\u0131na h\u0131z veren yeni \u015firketlerin de katk\u0131s\u0131yla, elektronik veri ileti\u015fiminden kaynakl\u0131 trafik %30 artt\u0131.&nbsp;Covid s\u00fcresince g\u00f6nderilen elektronik postalar\u0131n s\u0131kl\u0131\u011f\u0131ndaki y\u00fckseli\u015fe paralel olarak, e-posta i\u00e7erik ve boyutlar\u0131 da b\u00fcy\u00fcd\u00fc. Bununla birlikte yo\u011funla\u015fan yaz\u0131\u015fma trafi\u011fine ek, payla\u015f\u0131lan dosya boyutlar\u0131n\u0131n da b\u00fcy\u00fcmesi [&hellip;]\" \/>\n<meta property=\"og:url\" content=\"https:\/\/uzmanposta.com\/blog\/covid-surecinde-isletmelerin-e-posta-trafigi-buyuyor\/\" \/>\n<meta property=\"og:site_name\" content=\"Blog\" \/>\n<meta property=\"article:publisher\" content=\"https:\/\/www.facebook.com\/uzmanposta\/\" \/>\n<meta property=\"article:published_time\" content=\"2020-06-27T12:02:37+00:00\" \/>\n<meta property=\"article:modified_time\" content=\"2021-04-11T14:55:41+00:00\" \/>\n<meta property=\"og:image\" content=\"https:\/\/uzmanposta.com\/blog\/wp-content\/uploads\/2020\/06\/covid-surecinde-isletmelerin-eposta-trafigi-buyuyor.png\" \/>\n\t<meta property=\"og:image:width\" content=\"750\" \/>\n\t<meta property=\"og:image:height\" content=\"520\" \/>\n\t<meta property=\"og:image:type\" content=\"image\/png\" \/>\n<meta name=\"author\" content=\"Sibel Ho\u015f\" \/>\n<meta name=\"twitter:card\" content=\"summary_large_image\" \/>\n<meta name=\"twitter:creator\" content=\"@uZmanPosta\" \/>\n<meta name=\"twitter:site\" content=\"@uZmanPosta\" \/>\n<meta name=\"twitter:label1\" content=\"Yazan:\" \/>\n\t<meta name=\"twitter:data1\" content=\"Sibel Ho\u015f\" \/>\n\t<meta name=\"twitter:label2\" content=\"Tahmini okuma s\u00fcresi\" \/>\n\t<meta name=\"twitter:data2\" content=\"3 dakika\" \/>\n<!-- \/ Yoast SEO plugin. -->","yoast_head_json":{"title":"Covid S\u00fcrecinde \u0130\u015fletmelerin E-Posta Trafi\u011fi B\u00fcy\u00fcyor - Uzman Posta","robots":{"index":"index","follow":"follow","max-snippet":"max-snippet:-1","max-image-preview":"max-image-preview:large","max-video-preview":"max-video-preview:-1"},"canonical":"https:\/\/uzmanposta.com\/blog\/covid-surecinde-isletmelerin-e-posta-trafigi-buyuyor\/","og_locale":"tr_TR","og_type":"article","og_title":"Covid S\u00fcrecinde \u0130\u015fletmelerin E-Posta Trafi\u011fi B\u00fcy\u00fcyor - Uzman Posta","og_description":"Mart ay\u0131ndan beri #EvdeKal \u00e7a\u011fr\u0131s\u0131yla uzaktan \u00e7al\u0131\u015fma d\u00fczenine ge\u00e7en \u015firketlerin ve t\u00fcketicilere ula\u015fmak i\u00e7in dijital kanal kullan\u0131mlar\u0131na h\u0131z veren yeni \u015firketlerin de katk\u0131s\u0131yla, elektronik veri ileti\u015fiminden kaynakl\u0131 trafik %30 artt\u0131.&nbsp;Covid s\u00fcresince g\u00f6nderilen elektronik postalar\u0131n s\u0131kl\u0131\u011f\u0131ndaki y\u00fckseli\u015fe paralel olarak, e-posta i\u00e7erik ve boyutlar\u0131 da b\u00fcy\u00fcd\u00fc. Bununla birlikte yo\u011funla\u015fan yaz\u0131\u015fma trafi\u011fine ek, payla\u015f\u0131lan dosya boyutlar\u0131n\u0131n da b\u00fcy\u00fcmesi [&hellip;]","og_url":"https:\/\/uzmanposta.com\/blog\/covid-surecinde-isletmelerin-e-posta-trafigi-buyuyor\/","og_site_name":"Blog","article_publisher":"https:\/\/www.facebook.com\/uzmanposta\/","article_published_time":"2020-06-27T12:02:37+00:00","article_modified_time":"2021-04-11T14:55:41+00:00","og_image":[{"width":750,"height":520,"url":"https:\/\/uzmanposta.com\/blog\/wp-content\/uploads\/2020\/06\/covid-surecinde-isletmelerin-eposta-trafigi-buyuyor.png","type":"image\/png"}],"author":"Sibel Ho\u015f","twitter_card":"summary_large_image","twitter_creator":"@uZmanPosta","twitter_site":"@uZmanPosta","twitter_misc":{"Yazan:":"Sibel Ho\u015f","Tahmini okuma s\u00fcresi":"3 dakika"},"schema":{"@context":"https:\/\/schema.org","@graph":[{"@type":"Article","@id":"https:\/\/uzmanposta.com\/blog\/covid-surecinde-isletmelerin-e-posta-trafigi-buyuyor\/#article","isPartOf":{"@id":"https:\/\/uzmanposta.com\/blog\/covid-surecinde-isletmelerin-e-posta-trafigi-buyuyor\/"},"author":{"name":"Sibel Ho\u015f","@id":"https:\/\/uzmanposta.com\/blog\/#\/schema\/person\/ac85212a35ebcaaf56c92a7e051813d6"},"headline":"Covid S\u00fcrecinde \u0130\u015fletmelerin E-Posta Trafi\u011fi B\u00fcy\u00fcyor","datePublished":"2020-06-27T12:02:37+00:00","dateModified":"2021-04-11T14:55:41+00:00","mainEntityOfPage":{"@id":"https:\/\/uzmanposta.com\/blog\/covid-surecinde-isletmelerin-e-posta-trafigi-buyuyor\/"},"wordCount":549,"commentCount":0,"publisher":{"@id":"https:\/\/uzmanposta.com\/blog\/#organization"},"image":{"@id":"https:\/\/uzmanposta.com\/blog\/covid-surecinde-isletmelerin-e-posta-trafigi-buyuyor\/#primaryimage"},"thumbnailUrl":"https:\/\/uzmanposta.com\/blog\/wp-content\/uploads\/2020\/06\/covid-surecinde-isletmelerin-eposta-trafigi-buyuyor.png","articleSection":["KOB\u0130'lere \u00d6zel","Nedir? Nas\u0131l Yap\u0131l\u0131r?"],"inLanguage":"tr","potentialAction":[{"@type":"CommentAction","name":"Comment","target":["https:\/\/uzmanposta.com\/blog\/covid-surecinde-isletmelerin-e-posta-trafigi-buyuyor\/#respond"]}]},{"@type":"WebPage","@id":"https:\/\/uzmanposta.com\/blog\/covid-surecinde-isletmelerin-e-posta-trafigi-buyuyor\/","url":"https:\/\/uzmanposta.com\/blog\/covid-surecinde-isletmelerin-e-posta-trafigi-buyuyor\/","name":"Covid S\u00fcrecinde \u0130\u015fletmelerin E-Posta Trafi\u011fi B\u00fcy\u00fcyor - Uzman Posta","isPartOf":{"@id":"https:\/\/uzmanposta.com\/blog\/#website"},"primaryImageOfPage":{"@id":"https:\/\/uzmanposta.com\/blog\/covid-surecinde-isletmelerin-e-posta-trafigi-buyuyor\/#primaryimage"},"image":{"@id":"https:\/\/uzmanposta.com\/blog\/covid-surecinde-isletmelerin-e-posta-trafigi-buyuyor\/#primaryimage"},"thumbnailUrl":"https:\/\/uzmanposta.com\/blog\/wp-content\/uploads\/2020\/06\/covid-surecinde-isletmelerin-eposta-trafigi-buyuyor.png","datePublished":"2020-06-27T12:02:37+00:00","dateModified":"2021-04-11T14:55:41+00:00","breadcrumb":{"@id":"https:\/\/uzmanposta.com\/blog\/covid-surecinde-isletmelerin-e-posta-trafigi-buyuyor\/#breadcrumb"},"inLanguage":"tr","potentialAction":[{"@type":"ReadAction","target":["https:\/\/uzmanposta.com\/blog\/covid-surecinde-isletmelerin-e-posta-trafigi-buyuyor\/"]}]},{"@type":"ImageObject","inLanguage":"tr","@id":"https:\/\/uzmanposta.com\/blog\/covid-surecinde-isletmelerin-e-posta-trafigi-buyuyor\/#primaryimage","url":"https:\/\/uzmanposta.com\/blog\/wp-content\/uploads\/2020\/06\/covid-surecinde-isletmelerin-eposta-trafigi-buyuyor.png","contentUrl":"https:\/\/uzmanposta.com\/blog\/wp-content\/uploads\/2020\/06\/covid-surecinde-isletmelerin-eposta-trafigi-buyuyor.png","width":750,"height":520},{"@type":"BreadcrumbList","@id":"https:\/\/uzmanposta.com\/blog\/covid-surecinde-isletmelerin-e-posta-trafigi-buyuyor\/#breadcrumb","itemListElement":[{"@type":"ListItem","position":1,"name":"Blog","item":"https:\/\/uzmanposta.com\/blog\/"},{"@type":"ListItem","position":2,"name":"KOB\u0130'lere \u00d6zel","item":"https:\/\/uzmanposta.com\/blog\/kobilere-ozel\/"},{"@type":"ListItem","position":3,"name":"Covid S\u00fcrecinde \u0130\u015fletmelerin E-Posta Trafi\u011fi B\u00fcy\u00fcyor"}]},{"@type":"WebSite","@id":"https:\/\/uzmanposta.com\/blog\/#website","url":"https:\/\/uzmanposta.com\/blog\/","name":"Blog","description":"","publisher":{"@id":"https:\/\/uzmanposta.com\/blog\/#organization"},"potentialAction":[{"@type":"SearchAction","target":{"@type":"EntryPoint","urlTemplate":"https:\/\/uzmanposta.com\/blog\/?s={search_term_string}"},"query-input":{"@type":"PropertyValueSpecification","valueRequired":true,"valueName":"search_term_string"}}],"inLanguage":"tr"},{"@type":"Organization","@id":"https:\/\/uzmanposta.com\/blog\/#organization","name":"Uzman Posta","url":"https:\/\/uzmanposta.com\/blog\/","logo":{"@type":"ImageObject","inLanguage":"tr","@id":"https:\/\/uzmanposta.com\/blog\/#\/schema\/logo\/image\/","url":"https:\/\/uzmanposta.com\/blog\/wp-content\/uploads\/2020\/05\/logo.png","contentUrl":"https:\/\/uzmanposta.com\/blog\/wp-content\/uploads\/2020\/05\/logo.png","width":131,"height":60,"caption":"Uzman Posta"},"image":{"@id":"https:\/\/uzmanposta.com\/blog\/#\/schema\/logo\/image\/"},"sameAs":["https:\/\/www.facebook.com\/uzmanposta\/","https:\/\/x.com\/uZmanPosta","https:\/\/www.instagram.com\/uzmanposta\/","https:\/\/www.linkedin.com\/company\/uzmanposta\/","https:\/\/www.youtube.com\/channel\/UCk2n1vp1YJ0n3XaDRWBi88Q"]},{"@type":"Person","@id":"https:\/\/uzmanposta.com\/blog\/#\/schema\/person\/ac85212a35ebcaaf56c92a7e051813d6","name":"Sibel Ho\u015f","image":{"@type":"ImageObject","inLanguage":"tr","@id":"https:\/\/secure.gravatar.com\/avatar\/f925f03d20ff0803ddb37c96d39d3793c085014ce56421050f24823c23db1c2a?s=96&d=mm&r=g","url":"https:\/\/secure.gravatar.com\/avatar\/f925f03d20ff0803ddb37c96d39d3793c085014ce56421050f24823c23db1c2a?s=96&d=mm&r=g","contentUrl":"https:\/\/secure.gravatar.com\/avatar\/f925f03d20ff0803ddb37c96d39d3793c085014ce56421050f24823c23db1c2a?s=96&d=mm&r=g","caption":"Sibel Ho\u015f"},"sameAs":["https:\/\/sibelhos.com\/","https:\/\/www.instagram.com\/bismoothie\/","https:\/\/www.linkedin.com\/in\/sibelhos\/"]}]}},"_links":{"self":[{"href":"https:\/\/uzmanposta.com\/blog\/wp-json\/wp\/v2\/posts\/480","targetHints":{"allow":["GET"]}}],"collection":[{"href":"https:\/\/uzmanposta.com\/blog\/wp-json\/wp\/v2\/posts"}],"about":[{"href":"https:\/\/uzmanposta.com\/blog\/wp-json\/wp\/v2\/types\/post"}],"author":[{"embeddable":true,"href":"https:\/\/uzmanposta.com\/blog\/wp-json\/wp\/v2\/users\/2"}],"replies":[{"embeddable":true,"href":"https:\/\/uzmanposta.com\/blog\/wp-json\/wp\/v2\/comments?post=480"}],"version-history":[{"count":0,"href":"https:\/\/uzmanposta.com\/blog\/wp-json\/wp\/v2\/posts\/480\/revisions"}],"wp:featuredmedia":[{"embeddable":true,"href":"https:\/\/uzmanposta.com\/blog\/wp-json\/wp\/v2\/media\/490"}],"wp:attachment":[{"href":"https:\/\/uzmanposta.com\/blog\/wp-json\/wp\/v2\/media?parent=480"}],"wp:term":[{"taxonomy":"category","embeddable":true,"href":"https:\/\/uzmanposta.com\/blog\/wp-json\/wp\/v2\/categories?post=480"},{"taxonomy":"post_tag","embeddable":true,"href":"https:\/\/uzmanposta.com\/blog\/wp-json\/wp\/v2\/tags?post=480"}],"curies":[{"name":"wp","href":"https:\/\/api.w.org\/{rel}","templated":true}]}}